{"id":2796,"date":"2020-03-14T10:01:00","date_gmt":"2020-03-14T09:01:00","guid":{"rendered":"https:\/\/esperancechavagne.fr\/tiralarc\/?p=2796"},"modified":"2022-09-14T18:56:50","modified_gmt":"2022-09-14T16:56:50","slug":"suspension-des-activites-associatives-culturelles-et-sportives","status":"publish","type":"post","link":"https:\/\/esperancechavagne.fr\/tiralarc\/suspension-des-activites-associatives-culturelles-et-sportives\/","title":{"rendered":"Suspension des activit\u00e9s associatives, culturelles et sportives"},"content":{"rendered":"\n<p class=\"wp-block-paragraph\">Archers, Arch\u00e8res,<\/p>\n\n\n\n<p class=\"wp-block-paragraph\">Suite \u00e0 l\u2019arr\u00eat\u00e9 municipal 49\/2020&nbsp;:<\/p>\n\n\n\n<!--more-->\n\n\n\n<div class=\"wp-block-group ghostkit-has-frame ghostkit-custom-Z1518IT\"><div class=\"wp-block-group__inner-container is-layout-flow wp-block-group-is-layout-flow\">\n<p class=\"has-text-align-center ghostkit-custom-2kp2FL has-small-font-size wp-block-paragraph\"><strong>Commune de CHAVAGNE<\/strong><\/p>\n\n\n\n<p class=\"has-small-font-size wp-block-paragraph\"><strong>LE MAIRE DE CHAVAGNE<\/strong><br><strong>Vu <\/strong>le code la sant\u00e9 publique,<br><strong>Vu<\/strong> les articles L2122-22 et 23 du Code g\u00e9n\u00e9ral des collectivit\u00e9s territoriales<br><strong>Consid\u00e9rant <\/strong>le caract\u00e8re actif de la propagation du virus SARS-COV-2 sur le territoire national et les risques que la contraction de la maladie COVID 19 entra\u00eenent pour la sant\u00e9 publique<br><strong>Consid\u00e9rant<\/strong> l\u2019urgence et la n\u00e9cessit\u00e9 qui s\u2019attachent \u00e0 la pr\u00e9vention de tous les comportements de nature \u00e0 augmenter ou favoriser les risques de contagions<\/p>\n\n\n\n<p class=\"has-text-align-center has-small-font-size wp-block-paragraph\"><strong>ARR\u00caT\u00c9<\/strong><\/p>\n\n\n\n<p class=\"has-small-font-size wp-block-paragraph\"><strong>Article 1 <\/strong>: Par d\u00e9cision du maire, toutes les r\u00e9unions, les manifestations sportives (comp\u00e9titions et entra\u00eenements) et culturelles ou de caract\u00e8re festif, qu\u2019elles soient publiques ou priv\u00e9es se d\u00e9roulant dans les locaux communaux sont suspendues jusqu\u2019\u00e0 nouvel ordre.<\/p>\n\n\n\n<p class=\"has-small-font-size wp-block-paragraph\"><strong>Article 2 <\/strong>: Les services p\u00e9ri et extrascolaires , centre de loisirs, foyer jeunes, biblioth\u00e8que sont ferm\u00e9s \u00e0 compter du 14 mars inclus.<\/p>\n\n\n\n<p class=\"has-small-font-size wp-block-paragraph\"><strong>Article 3 <\/strong>: Monsieur le directeur G\u00e9n\u00e9ral des services est charg\u00e9 de l\u2019ex\u00e9cution du pr\u00e9sent arr\u00eat\u00e9 qui sera publi\u00e9 et affich\u00e9 conform\u00e9ment \u00e0 la r\u00e9glementation en vigueur.<\/p>\n\n\n\n<p class=\"has-text-align-right ghostkit-custom-ZNVKyQ has-small-font-size wp-block-paragraph\"><strong>Fait \u00e0 Chavagne, le 13 mars 2020<br>Le Maire, Ren\u00e9 BOUILLON<\/strong><\/p>\n<\/div><\/div>\n\n\n\n<p class=\"wp-block-paragraph\">Toutes les activit\u00e9s associatives, sportives et culturelles sont suspendues jusqu\u2019\u00e0 nouvel ordre.<\/p>\n\n\n\n<p class=\"wp-block-paragraph\">Cela implique&nbsp;:<\/p>\n\n\n\n<ul class=\"wp-block-list\">\n<li>les entrainements en salle,<\/li>\n\n\n\n<li>les cours des Jeudi soir et Samedi matin,<\/li>\n\n\n\n<li>les \u00e9v\u00e9nements pr\u00e9vus dans les jours \u00e0 venir \u2013 notamment, le Tir du Roy.<\/li>\n<\/ul>\n\n\n\n<p class=\"wp-block-paragraph\">En outre, la FFTA suspend tous ses \u00e9v\u00e9nements jusqu\u2019au 15 avril 2020.<\/p>\n\n\n\n<p class=\"wp-block-paragraph\">Pour plus d\u2019informations, vous pouvez consulter le site de la FFTA&nbsp;: <a href=\"https:\/\/www.ffta.fr\/actualites\/la-ffta-suspend-ses-evenements\">https:\/\/www.ffta.fr\/actualites\/la-ffta-suspend-ses-evenements<\/a><\/p>\n\n\n\n<p class=\"has-text-align-right wp-block-paragraph\">Portez-vous bien,<br>Le Bureau des Archers de l\u2019Esp\u00e9rance de Chavagne<\/p>\n\n\n\n<div class=\"wp-block-file\"><a id=\"wp-block-file--media-736a6e75-5fcc-4969-bd78-f3c02f4af151\" href=\"https:\/\/esperancechavagne.fr\/tiralarc\/wp-content\/uploads\/pdf\/covid\/arrete-13-mars2020.pdf\">Arr\u00eat\u00e9 Municipal du 13 mars 2020<\/a><a href=\"https:\/\/esperancechavagne.fr\/tiralarc\/wp-content\/uploads\/pdf\/covid\/arrete-13-mars2020.pdf\" class=\"wp-block-file__button wp-element-button\" download aria-describedby=\"wp-block-file--media-736a6e75-5fcc-4969-bd78-f3c02f4af151\">T\u00e9l\u00e9charger<\/a><\/div>\n\n\n\n<div class=\"wp-block-file\"><a id=\"wp-block-file--media-960849e6-143b-4ead-9249-b9a820e34812\" href=\"https:\/\/esperancechavagne.fr\/tiralarc\/wp-content\/uploads\/pdf\/covid\/20200313_cp-sports_covid19.pdf\">Communiqu\u00e9 de presse du Ministre des Sports<\/a><a href=\"https:\/\/esperancechavagne.fr\/tiralarc\/wp-content\/uploads\/pdf\/covid\/20200313_cp-sports_covid19.pdf\" class=\"wp-block-file__button wp-element-button\" download aria-describedby=\"wp-block-file--media-960849e6-143b-4ead-9249-b9a820e34812\">T\u00e9l\u00e9charger<\/a><\/div>\n","protected":false},"excerpt":{"rendered":"<p>Archers, Arch\u00e8res, Suite \u00e0 l\u2019arr\u00eat\u00e9 municipal 49\/2020&nbsp;:<span class=\"more-link\"><a href=\"https:\/\/esperancechavagne.fr\/tiralarc\/suspension-des-activites-associatives-culturelles-et-sportives\/\">&raquo; Lire la suite &laquo;<\/a><\/span><\/p>\n","protected":false},"author":2,"featured_media":6862,"comment_status":"closed","ping_status":"closed","sticky":false,"template":"","format":"standard","meta":{"_crdt_document":"","ghostkit_customizer_options":"","ghostkit_custom_css":"","ghostkit_custom_js_head":"","ghostkit_custom_js_foot":"","ghostkit_typography":"","_themeisle_gutenberg_block_has_review":false,"footnotes":""},"categories":[25,12],"tags":[123],"class_list":["entry","author-annesophiem","has-more-link","post-2796","post","type-post","status-publish","format-standard","has-post-thumbnail","category-esperance","category-la-section","tag-annonce"],"_links":{"self":[{"href":"https:\/\/esperancechavagne.fr\/tiralarc\/wp-json\/wp\/v2\/posts\/2796","targetHints":{"allow":["GET"]}}],"collection":[{"href":"https:\/\/esperancechavagne.fr\/tiralarc\/wp-json\/wp\/v2\/posts"}],"about":[{"href":"https:\/\/esperancechavagne.fr\/tiralarc\/wp-json\/wp\/v2\/types\/post"}],"author":[{"embeddable":true,"href":"https:\/\/esperancechavagne.fr\/tiralarc\/wp-json\/wp\/v2\/users\/2"}],"replies":[{"embeddable":true,"href":"https:\/\/esperancechavagne.fr\/tiralarc\/wp-json\/wp\/v2\/comments?post=2796"}],"version-history":[{"count":8,"href":"https:\/\/esperancechavagne.fr\/tiralarc\/wp-json\/wp\/v2\/posts\/2796\/revisions"}],"predecessor-version":[{"id":6871,"href":"https:\/\/esperancechavagne.fr\/tiralarc\/wp-json\/wp\/v2\/posts\/2796\/revisions\/6871"}],"wp:featuredmedia":[{"embeddable":true,"href":"https:\/\/esperancechavagne.fr\/tiralarc\/wp-json\/wp\/v2\/media\/6862"}],"wp:attachment":[{"href":"https:\/\/esperancechavagne.fr\/tiralarc\/wp-json\/wp\/v2\/media?parent=2796"}],"wp:term":[{"taxonomy":"category","embeddable":true,"href":"https:\/\/esperancechavagne.fr\/tiralarc\/wp-json\/wp\/v2\/categories?post=2796"},{"taxonomy":"post_tag","embeddable":true,"href":"https:\/\/esperancechavagne.fr\/tiralarc\/wp-json\/wp\/v2\/tags?post=2796"}],"curies":[{"name":"wp","href":"https:\/\/api.w.org\/{rel}","templated":true}]}}