{"id":2682,"date":"2019-11-26T08:18:06","date_gmt":"2019-11-26T07:18:06","guid":{"rendered":"https:\/\/esperancechavagne.fr\/tiralarc\/?p=2682"},"modified":"2020-10-13T12:07:36","modified_gmt":"2020-10-13T10:07:36","slug":"concours-hors-region","status":"publish","type":"post","link":"https:\/\/esperancechavagne.fr\/tiralarc\/concours-hors-region\/","title":{"rendered":"Concours Hors R\u00e9gion"},"content":{"rendered":"\n<p class=\"has-text-align-center wp-block-paragraph\">Toutes nos f\u00e9licitations \u00e0<\/p>\n\n\n\n<p class=\"has-text-color has-text-align-center has-vivid-red-color wp-block-paragraph\"><strong>Fanny<\/strong><\/p>\n\n\n\n<p class=\"has-text-align-center wp-block-paragraph\">qui a particip\u00e9 ce week-end \u00e0 un concours en <a rel=\"noreferrer noopener\" aria-label=\"Indre-et-Loire (ouverture dans un nouvel onglet)\" href=\"http:\/\/www.tiralarc-37.com\/\" target=\"_blank\">Indre-et-Loire<\/a>,<br>organis\u00e9 par <a href=\"http:\/\/archers-la-croix-en-touraine.fr\/\">Les Archers de La Croix-en-touraine<\/a>,<br><a rel=\"noreferrer noopener\" aria-label=\"Comit\u00e9 R\u00e9gional : Centre Val-de-Loire (ouverture dans un nouvel onglet)\" href=\"https:\/\/www.tiralarc-centrevaldeloire.fr\/\" target=\"_blank\">Comit\u00e9 R\u00e9gional : Centre Val-de-Loire<\/a>,<\/p>\n\n\n\n<p class=\"has-text-align-center wp-block-paragraph\">et a remport\u00e9 la m\u00e9daille de bronze de sa cat\u00e9gorie !<\/p>\n\n\n\n<!--more-->\n\n\n\n<div class=\"wp-block-columns is-layout-flex wp-container-core-columns-is-layout-8f761849 wp-block-columns-is-layout-flex\">\n<div class=\"wp-block-column is-layout-flow wp-block-column-is-layout-flow\"><\/div>\n\n\n\n<div class=\"wp-block-column is-layout-flow wp-block-column-is-layout-flow\">\n<div class=\"ghostkit-icon-box ghostkit-custom-Z25YJVx\"><div class=\"ghostkit-icon-box-icon ghostkit-icon-box-icon-align-top\"><span class=\"fas fa-medal\"><\/span><\/div><div class=\"ghostkit-icon-box-content is-layout-flow wp-block-ghostkit-icon-box-is-layout-flow\">\n<p class=\"has-text-align-center wp-block-paragraph\"><strong>Fanny<\/strong><br><strong>S1F CL<\/strong><\/p>\n<\/div><\/div>\n<\/div>\n\n\n\n<div class=\"wp-block-column is-layout-flow wp-block-column-is-layout-flow\"><\/div>\n<\/div>\n\n\n\n<div class=\"wp-block-file aligncenter\"><a href=\"https:\/\/esperancechavagne.fr\/tiralarc\/wp-content\/uploads\/concours\/2019-2020\/salle\/salle-la-croix-en-touraine_2019-individuels.pdf\">Salle &#8211; La Croix-en-Touraine 2019 &#8211; R\u00e9sultats Individuels<\/a><a href=\"https:\/\/esperancechavagne.fr\/tiralarc\/wp-content\/uploads\/concours\/2019-2020\/salle\/salle-la-croix-en-touraine_2019-individuels.pdf\" class=\"wp-block-file__button\" download>T\u00e9l\u00e9charger<\/a><\/div>\n","protected":false},"excerpt":{"rendered":"<p>Toutes nos f\u00e9licitations \u00e0 Fanny qui a particip\u00e9 ce week-end \u00e0 un concours en Indre-et-Loire,organis\u00e9 par Les Archers de La Croix-en-touraine,Comit\u00e9 R\u00e9gional : Centre Val-de-Loire, et a remport\u00e9 la m\u00e9daille de bronze de sa cat\u00e9gorie !<span class=\"more-link\"><a href=\"https:\/\/esperancechavagne.fr\/tiralarc\/concours-hors-region\/\">&raquo; Lire la suite &laquo;<\/a><\/span><\/p>\n","protected":false},"author":2,"featured_media":2267,"comment_status":"closed","ping_status":"closed","sticky":false,"template":"","format":"standard","meta":{"_crdt_document":"","ghostkit_customizer_options":"","ghostkit_custom_css":"","ghostkit_custom_js_head":"","ghostkit_custom_js_foot":"","ghostkit_typography":"","_themeisle_gutenberg_block_has_review":false,"footnotes":""},"categories":[11],"tags":[122],"class_list":["entry","author-annesophiem","has-more-link","post-2682","post","type-post","status-publish","format-standard","has-post-thumbnail","category-concours","tag-resultats"],"_links":{"self":[{"href":"https:\/\/esperancechavagne.fr\/tiralarc\/wp-json\/wp\/v2\/posts\/2682","targetHints":{"allow":["GET"]}}],"collection":[{"href":"https:\/\/esperancechavagne.fr\/tiralarc\/wp-json\/wp\/v2\/posts"}],"about":[{"href":"https:\/\/esperancechavagne.fr\/tiralarc\/wp-json\/wp\/v2\/types\/post"}],"author":[{"embeddable":true,"href":"https:\/\/esperancechavagne.fr\/tiralarc\/wp-json\/wp\/v2\/users\/2"}],"replies":[{"embeddable":true,"href":"https:\/\/esperancechavagne.fr\/tiralarc\/wp-json\/wp\/v2\/comments?post=2682"}],"version-history":[{"count":6,"href":"https:\/\/esperancechavagne.fr\/tiralarc\/wp-json\/wp\/v2\/posts\/2682\/revisions"}],"predecessor-version":[{"id":2726,"href":"https:\/\/esperancechavagne.fr\/tiralarc\/wp-json\/wp\/v2\/posts\/2682\/revisions\/2726"}],"wp:featuredmedia":[{"embeddable":true,"href":"https:\/\/esperancechavagne.fr\/tiralarc\/wp-json\/wp\/v2\/media\/2267"}],"wp:attachment":[{"href":"https:\/\/esperancechavagne.fr\/tiralarc\/wp-json\/wp\/v2\/media?parent=2682"}],"wp:term":[{"taxonomy":"category","embeddable":true,"href":"https:\/\/esperancechavagne.fr\/tiralarc\/wp-json\/wp\/v2\/categories?post=2682"},{"taxonomy":"post_tag","embeddable":true,"href":"https:\/\/esperancechavagne.fr\/tiralarc\/wp-json\/wp\/v2\/tags?post=2682"}],"curies":[{"name":"wp","href":"https:\/\/api.w.org\/{rel}","templated":true}]}}