{"id":1579,"date":"2019-04-02T16:51:37","date_gmt":"2019-04-02T14:51:37","guid":{"rendered":"http:\/\/esperancechavagne.fr\/tiralarc\/?p=1579"},"modified":"2022-04-05T23:27:50","modified_gmt":"2022-04-05T21:27:50","slug":"3d-guichen-2019","status":"publish","type":"post","link":"https:\/\/esperancechavagne.fr\/tiralarc\/3d-guichen-2019\/","title":{"rendered":"3D &#8211; Guichen 2019"},"content":{"rendered":"\n<p class=\"wp-block-paragraph\">Reprise de la saison des concours 3D avec le parcours de Guichen.<\/p>\n\n\n\n<!--more-->\n\n\n\n<p class=\"wp-block-paragraph\">Avec 11 de nos archers inscrits : Jo, Michel, Jean-Michel, Ma\u00eblys, Axelle, Maxime, Anne-Sophie, Anthony, Pierrig, Cyril et Damien.<\/p>\n\n\n\n<p class=\"wp-block-paragraph\">Toutes nos f\u00e9licitations \u00e0 Maxime pour sa premi\u00e8re participation \u00e0 un 3D et en Arc Droit qui plus est !<\/p>\n\n\n\n<p class=\"wp-block-paragraph\">Ainsi qu&rsquo;\u00e0 Jo pour sa 1i\u00e8re place et \u00e0 Axelle pour sa 3i\u00e8me place.<\/p>\n\n\n\n<div class=\"wp-block-file\"><a href=\"https:\/\/esperancechavagne.fr\/tiralarc\/wp-content\/uploads\/concours\/2018-2019\/3D\/3d-guichen_2019-individuels.pdf\">3D Guichen 2019 &#8211; R\u00e9sultats individuels<\/a><a href=\"https:\/\/esperancechavagne.fr\/tiralarc\/wp-content\/uploads\/concours\/2018-2019\/3D\/3d-guichen_2019-individuels.pdf\" class=\"wp-block-file__button\" download>T\u00e9l\u00e9charger<\/a><\/div>\n","protected":false},"excerpt":{"rendered":"<p>Reprise de la saison des concours 3D avec le parcours de Guichen.<span class=\"more-link\"><a href=\"https:\/\/esperancechavagne.fr\/tiralarc\/3d-guichen-2019\/\">&raquo; Lire la suite &laquo;<\/a><\/span><\/p>\n","protected":false},"author":2,"featured_media":1102,"comment_status":"closed","ping_status":"closed","sticky":false,"template":"","format":"standard","meta":{"_crdt_document":"","ghostkit_customizer_options":"","ghostkit_custom_css":"","ghostkit_custom_js_head":"","ghostkit_custom_js_foot":"","ghostkit_typography":"","_themeisle_gutenberg_block_has_review":false,"footnotes":""},"categories":[11],"tags":[122],"class_list":["entry","author-annesophiem","has-more-link","post-1579","post","type-post","status-publish","format-standard","has-post-thumbnail","category-concours","tag-resultats"],"_links":{"self":[{"href":"https:\/\/esperancechavagne.fr\/tiralarc\/wp-json\/wp\/v2\/posts\/1579","targetHints":{"allow":["GET"]}}],"collection":[{"href":"https:\/\/esperancechavagne.fr\/tiralarc\/wp-json\/wp\/v2\/posts"}],"about":[{"href":"https:\/\/esperancechavagne.fr\/tiralarc\/wp-json\/wp\/v2\/types\/post"}],"author":[{"embeddable":true,"href":"https:\/\/esperancechavagne.fr\/tiralarc\/wp-json\/wp\/v2\/users\/2"}],"replies":[{"embeddable":true,"href":"https:\/\/esperancechavagne.fr\/tiralarc\/wp-json\/wp\/v2\/comments?post=1579"}],"version-history":[{"count":3,"href":"https:\/\/esperancechavagne.fr\/tiralarc\/wp-json\/wp\/v2\/posts\/1579\/revisions"}],"predecessor-version":[{"id":1583,"href":"https:\/\/esperancechavagne.fr\/tiralarc\/wp-json\/wp\/v2\/posts\/1579\/revisions\/1583"}],"wp:featuredmedia":[{"embeddable":true,"href":"https:\/\/esperancechavagne.fr\/tiralarc\/wp-json\/wp\/v2\/media\/1102"}],"wp:attachment":[{"href":"https:\/\/esperancechavagne.fr\/tiralarc\/wp-json\/wp\/v2\/media?parent=1579"}],"wp:term":[{"taxonomy":"category","embeddable":true,"href":"https:\/\/esperancechavagne.fr\/tiralarc\/wp-json\/wp\/v2\/categories?post=1579"},{"taxonomy":"post_tag","embeddable":true,"href":"https:\/\/esperancechavagne.fr\/tiralarc\/wp-json\/wp\/v2\/tags?post=1579"}],"curies":[{"name":"wp","href":"https:\/\/api.w.org\/{rel}","templated":true}]}}